{"id":1967,"date":"2026-03-04T07:30:00","date_gmt":"2026-03-04T04:30:00","guid":{"rendered":"https:\/\/www.gultekinaltuntas.com\/?p=1967"},"modified":"2026-04-01T12:14:09","modified_gmt":"2026-04-01T09:14:09","slug":"gucun-hakliligi-mi-hakkin-gucu-mu","status":"publish","type":"post","link":"https:\/\/www.gultekinaltuntas.com\/?p=1967","title":{"rendered":"G\u00fcc\u00fcn Hakl\u0131l\u0131\u011f\u0131 M\u0131, Hakk\u0131n G\u00fcc\u00fc M\u00fc?"},"content":{"rendered":"<p style=\"text-align: justify;\"><strong>(Me\u015fruiyet, Otorite ve S\u00fcrd\u00fcr\u00fclebilir Etki \u00dczerine Bir Deneme)<\/strong><\/p>\n<p style=\"text-align: justify;\"><strong><i>G\u00fc\u00e7<\/i><\/strong> karar al\u0131r.<\/p>\n<p style=\"text-align: justify;\"><strong><i>Hak<\/i><\/strong> o karar\u0131n me\u015fruiyetini belirler.<\/p>\n<p style=\"text-align: justify;\"><strong><i>G\u00fc\u00e7<\/i><\/strong> uygulan\u0131r.<\/p>\n<p style=\"text-align: justify;\"><strong><i>Hak<\/i><\/strong> s\u0131n\u0131rlar.<\/p>\n<p style=\"text-align: justify;\">Tarih boyunca iki anlay\u0131\u015f yan yana y\u00fcr\u00fcd\u00fc:<\/p>\n<p style=\"text-align: justify;\">G\u00fcc\u00fcn <strong><i>hakl\u0131<\/i><\/strong> say\u0131ld\u0131\u011f\u0131 d\u00fczenler.<\/p>\n<p style=\"text-align: justify;\">Ve hakk\u0131n, <strong><i>g\u00fcc\u00fc<\/i><\/strong> s\u0131n\u0131rlad\u0131\u011f\u0131 d\u00fczenler.<\/p>\n<p style=\"text-align: justify;\">S\u00fcrd\u00fcr\u00fclebilir olan, yaln\u0131zca ikinci se\u00e7ene\u011fin oldu\u011fu d\u00fczenlerdir.<\/p>\n<p style=\"text-align: justify;\"><strong>G\u00fc\u00e7 ile Me\u015fruiyet Ayn\u0131 \u015eey De\u011fildir!<\/strong><\/p>\n<p style=\"text-align: justify;\">Max Weber, otoritenin yaln\u0131zca zor kullanma kapasitesinden de\u011fil, me\u015fruiyet alg\u0131s\u0131ndan do\u011fdu\u011funu s\u00f6yler. \u0130nsanlar <strong><i>korkudan itaat edebilir; ancak me\u015fruiyet g\u00f6rd\u00fcklerinde g\u00f6n\u00fcll\u00fc uyum g\u00f6sterirler.<\/i><\/strong><\/p>\n<p style=\"text-align: justify;\">G\u00fcc\u00fcn hakl\u0131l\u0131\u011f\u0131 \u015fu varsay\u0131ma dayan\u0131r:<\/p>\n<blockquote><p><strong><\/p>\n<p style=\"text-align: justify;\">Karar\u0131 ben veriyorum, \u00e7\u00fcnk\u00fc yetkim var.<\/strong><\/p>\n<\/blockquote>\n<p style=\"text-align: justify;\">Hakk\u0131n g\u00fcc\u00fc ise \u015fu soruyu sorar:<\/p>\n<blockquote><p><strong><\/p>\n<p style=\"text-align: justify;\">Bu karar adil mi, tutarl\u0131 m\u0131, ilkeli mi?<\/strong><\/p>\n<\/blockquote>\n<p style=\"text-align: justify;\">Yetki pozisyona dayan\u0131r. Me\u015fruiyet ise alg\u0131ya, g\u00fcvene ve normlara dayan\u0131r.<\/p>\n<p style=\"text-align: justify;\">Yetki devredilebilir. Me\u015fruiyet in\u015fa edilir.<\/p>\n<p style=\"text-align: justify;\"><strong>Adalet Olmadan Performans S\u00fcrd\u00fcr\u00fclemez!<\/strong><\/p>\n<p style=\"text-align: justify;\">\u00d6rg\u00fctsel davran\u0131\u015f literat\u00fcr\u00fcnde mevcut <strong><i>&#8220;\u00f6rg\u00fctsel adalet&#8221;<\/i><\/strong> kavram\u0131 \u00e7al\u0131\u015fan ba\u011fl\u0131l\u0131\u011f\u0131, performans ve g\u00fcven ile g\u00fc\u00e7l\u00fc ili\u015fki g\u00f6sterir. Da\u011f\u0131t\u0131msal, prosed\u00fcrel ve etkile\u015fimsel <strong><i>adalet alg\u0131s\u0131 zedelendi\u011finde motivasyon d\u00fc\u015fer, sessiz geri \u00e7ekilme ba\u015flar.<\/i><\/strong><\/p>\n<p style=\"text-align: justify;\">G\u00fcc\u00fcn hakl\u0131l\u0131\u011f\u0131 k\u0131sa vadede h\u0131zl\u0131 sonu\u00e7 \u00fcretir. Karar al\u0131n\u0131r, uygulan\u0131r, itiraz azal\u0131r.<\/p>\n<p style=\"text-align: justify;\">Ancak hakk\u0131n g\u00fcc\u00fc uzun vadede g\u00fcven \u00fcretir.<\/p>\n<p style=\"text-align: justify;\">G\u00fcven \u00fcretildi\u011finde,<\/p>\n<ol>\n<ol>\n<li style=\"text-align: justify;\">\u0130nsanlar fikir beyan eder,<\/li>\n<li style=\"text-align: justify;\">Hata yapmaktan korkmaz,<\/li>\n<li style=\"text-align: justify;\">Kurumu sahiplenir ve<\/li>\n<li style=\"text-align: justify;\">Performans g\u00f6n\u00fcll\u00fc katk\u0131ya d\u00f6n\u00fc\u015f\u00fcr.<\/li>\n<\/ol>\n<\/ol>\n<p style=\"text-align: justify;\">\u00d6zetle, s\u00fcrd\u00fcr\u00fclebilir performans\u0131n zemini korku de\u011fil, g\u00fcvendir.<\/p>\n<p style=\"text-align: justify;\"><strong>G\u00fc\u00e7 S\u0131n\u0131r \u0130ster!<\/strong><\/p>\n<p style=\"text-align: justify;\">Me\u015fhur \u00f6zdeyi\u015flerden biri \u015fudur: <strong><i>&#8220;G\u00fc\u00e7 yozla\u015ft\u0131rma e\u011filimindedir.&#8221;<\/i><\/strong><\/p>\n<p style=\"text-align: justify;\">Bu, bireysel bir ahlak yarg\u0131s\u0131ndan \u00e7ok yap\u0131sal bir uyar\u0131d\u0131r.<\/p>\n<p style=\"text-align: justify;\">S\u0131n\u0131rland\u0131r\u0131lmayan g\u00fc\u00e7,<\/p>\n<ol>\n<ol>\n<li style=\"text-align: justify;\">Keyfile\u015fir,<\/li>\n<li style=\"text-align: justify;\">Hesap vermez hale gelir,<\/li>\n<li style=\"text-align: justify;\">Ele\u015ftiriyi tehdit olarak g\u00f6r\u00fcr.<\/li>\n<\/ol>\n<\/ol>\n<p style=\"text-align: justify;\">Y\u00f6netsel sistemlerde var olmas\u0131 gereken denge ve denetim mekanizmalar\u0131, hakk\u0131n g\u00fcc\u00fcn\u00fc kurumsalla\u015ft\u0131rma \u00e7abas\u0131d\u0131r. Ayn\u0131 ilke kurumlar i\u00e7in de ge\u00e7erlidir.<\/p>\n<p style=\"text-align: justify;\">Bir lider i\u00e7in as\u0131l soru \u015fudur: G\u00fcc\u00fcm\u00fc hangi ilkeye dayanarak kullan\u0131yorum?<\/p>\n<blockquote><p><strong><\/p>\n<p style=\"text-align: justify;\">E\u011fer g\u00fc\u00e7 ilkesizse, ge\u00e7icidir.<\/p>\n<p style=\"text-align: justify;\">E\u011fer hak ilkesizse, etkisizdir.<\/strong><\/p>\n<\/blockquote>\n<p style=\"text-align: justify;\"><strong>Sonu\u00e7 Odakl\u0131l\u0131k ve Me\u015fruiyet Gerilimi<\/strong><\/p>\n<p style=\"text-align: justify;\">Y\u00fcksek performans k\u00fclt\u00fcrlerinde s\u0131k g\u00f6r\u00fclen bir yakla\u015f\u0131m vard\u0131r:<\/p>\n<p style=\"text-align: justify;\">\u201cSonu\u00e7 varsa y\u00f6ntem sorgulanmaz.\u201d<\/p>\n<p style=\"text-align: justify;\">Bu, g\u00fcc\u00fcn hakl\u0131l\u0131\u011f\u0131na kap\u0131 aralar.<\/p>\n<p style=\"text-align: justify;\">Oysa y\u00f6ntemler me\u015fruiyeti belirler.<\/p>\n<p style=\"text-align: justify;\">Adalet ihlali, k\u0131sa vadeli ba\u015far\u0131y\u0131 uzun vadeli g\u00fcven kayb\u0131na d\u00f6n\u00fc\u015ft\u00fcrebilir.<\/p>\n<p style=\"text-align: justify;\">Psikolojik g\u00fcvenlik \u00e7al\u0131\u015fmalar\u0131, insanlar\u0131n ancak adil ve g\u00fcvenli bir ortamda ger\u00e7ek katk\u0131 sundu\u011funu g\u00f6steriyor. G\u00fc\u00e7 bask\u0131 kurabilir; fakat yenilik, ancak g\u00fcven ortam\u0131nda ortaya \u00e7\u0131kar.<\/p>\n<p style=\"text-align: justify;\">Bu nedenle <strong><i>hakk\u0131n g\u00fcc\u00fc, performans\u0131n d\u00fc\u015fman\u0131 de\u011fil; teminat\u0131d\u0131r.<\/i><\/strong><\/p>\n<p style=\"text-align: justify;\"><strong>G\u00fcc\u00fcn Hakl\u0131l\u0131\u011f\u0131 Neden Caziptir?<\/strong><\/p>\n<p style=\"text-align: justify;\">\u00c7\u00fcnk\u00fc <strong><i>net<\/i><\/strong>tir.<\/p>\n<p style=\"text-align: justify;\"><strong><i>Hiyerar\u015fik<\/i><\/strong>tir.<\/p>\n<p style=\"text-align: justify;\">Belirsizlikte <strong><i>h\u0131zl\u0131<\/i><\/strong>d\u0131r.<\/p>\n<p style=\"text-align: justify;\">Kriz anlar\u0131nda g\u00fc\u00e7l\u00fc olan\u0131n karar vermesi <strong><i>rahatlat\u0131c\u0131<\/i><\/strong>d\u0131r.<\/p>\n<p style=\"text-align: justify;\">Ancak <strong><i>sorgu ortadan kalkt\u0131\u011f\u0131nda \u00f6\u011frenme de ortadan kalkar.<\/i><\/strong><\/p>\n<p style=\"text-align: justify;\">Olgun liderlik, itiraz\u0131 bast\u0131rmaz; davet eder. \u00c7\u00fcnk\u00fc itiraz, bir yandan da me\u015fruiyet testidir.<\/p>\n<p style=\"text-align: justify;\">Bu \u00e7er\u00e7evede y\u00f6neticiler,<\/p>\n<ol>\n<ol>\n<li style=\"text-align: justify;\">G\u00fcc\u00fcn hakl\u0131l\u0131\u011f\u0131na de\u011fil, hakk\u0131n g\u00fcc\u00fcne inanmal\u0131d\u0131r,<\/li>\n<li style=\"text-align: justify;\">Yetkisini kullanmal\u0131 ama keyfiyete ka\u00e7mamal\u0131d\u0131r,<\/li>\n<li style=\"text-align: justify;\">Karar almal\u0131 ama gerek\u00e7esiz yapmamal\u0131d\u0131r,<\/li>\n<li style=\"text-align: justify;\">Performans istemeli ama adaleti zedelememelidir ve <\/li>\n<li style=\"text-align: justify;\">Sonu\u00e7 \u00fcretmeli ama insan kayna\u011f\u0131n\u0131 t\u00fcketmemelidir.<\/li>\n<\/ol>\n<\/ol>\n<p style=\"text-align: justify;\"><strong><i>Hak yaln\u0131zca etik bir tercih de\u011fildir. Stratejik bir zorunluluktur.<\/i><\/strong><\/p>\n<p style=\"text-align: justify;\"><strong>Kal\u0131c\u0131 Olan G\u00fc\u00e7 De\u011fil, \u0130tibard\u0131r!<\/strong><\/p>\n<p style=\"text-align: justify;\">G\u00fc\u00e7 el de\u011fi\u015ftirebilir.<\/p>\n<p style=\"text-align: justify;\">Unvan geri al\u0131nabilir.<\/p>\n<p style=\"text-align: justify;\">Pozisyon de\u011fi\u015febilir.<\/p>\n<p style=\"text-align: justify;\">Ama adalet alg\u0131s\u0131 kurumsal haf\u0131zada kal\u0131r.<\/p>\n<p style=\"text-align: justify;\">As\u0131l soru \u015fudur:<\/p>\n<blockquote><p><strong><\/p>\n<p style=\"text-align: justify;\">Karar al\u0131rken g\u00fcc\u00fcm\u00fcn arkas\u0131na m\u0131 saklan\u0131yorum, yoksa karar\u0131m\u0131 hak \u00fczerinden mi temellendiriyorum?<\/strong><\/p>\n<\/blockquote>\n<p style=\"text-align: justify;\"><strong><i>En g\u00fc\u00e7l\u00fc sistemler,<\/i><\/strong> g\u00fc\u00e7l\u00fc ki\u015filere de\u011fil; <strong><i>g\u00fc\u00e7l\u00fc ilkelere dayan\u0131r.<\/i><\/strong><\/p>\n<p style=\"text-align: justify;\"><strong><i>Hakk\u0131n g\u00fcc\u00fc, g\u00fcc\u00fcn s\u0131n\u0131r\u0131<\/i><\/strong>d\u0131r.<\/p>\n<p style=\"text-align: justify;\">Ve <strong><i>s\u0131n\u0131r, s\u00fcrd\u00fcr\u00fclebilirli\u011fin ba\u015flang\u0131c\u0131<\/i><\/strong>d\u0131r.<\/p>\n<p style=\"text-align: justify;\">Bir sonraki bulu\u015fmam\u0131za kadar, kal\u0131n sa\u011fl\u0131cakla&#8230;<\/p>\n<p style=\"text-align: justify;\"><strong>Kaynak\u00e7a<\/strong><\/p>\n<ol>\n<ol>\n<li style=\"text-align: justify;\">Colquitt, J. A. (2001). On the dimensionality of organizational justice. Journal of Applied Psychology, 86(3), 386\u2013400.<\/li>\n<li style=\"text-align: justify;\">Edmondson, A. C. (2018). The Fearless Organization. Wiley.<\/li>\n<li style=\"text-align: justify;\">Greenberg, J. (1987). A taxonomy of organizational justice theories. Academy of Management Review, 12(1), 9\u201322.<\/li>\n<li style=\"text-align: justify;\">Rawls, J. (1971). A Theory of Justice. Harvard University Press.<\/li>\n<li style=\"text-align: justify;\">Weber, M. (1922). Economy and Society.<\/li>\n<\/ol>\n<\/ol>\n","protected":false},"excerpt":{"rendered":"<p>(Me\u015fruiyet, Otorite ve S\u00fcrd\u00fcr\u00fclebilir Etki \u00dczerine Bir Deneme) G\u00fc\u00e7 karar al\u0131r. Hak o karar\u0131n me\u015fruiyetini belirler. G\u00fc\u00e7 uygulan\u0131r. Hak s\u0131n\u0131rlar. Tarih boyunca iki anlay\u0131\u015f yan yana y\u00fcr\u00fcd\u00fc: G\u00fcc\u00fcn hakl\u0131 say\u0131ld\u0131\u011f\u0131 d\u00fczenler. Ve hakk\u0131n, g\u00fcc\u00fc s\u0131n\u0131rlad\u0131\u011f\u0131 d\u00fczenler. S\u00fcrd\u00fcr\u00fclebilir olan, yaln\u0131zca ikinci se\u00e7ene\u011fin oldu\u011fu d\u00fczenlerdir. G\u00fc\u00e7 ile Me\u015fruiyet Ayn\u0131 \u015eey De\u011fildir! Max Weber, otoritenin yaln\u0131zca zor kullanma<\/p>\n","protected":false},"author":1,"featured_media":2175,"comment_status":"open","ping_status":"closed","sticky":false,"template":"","format":"standard","meta":{"advanced_seo_description":"","jetpack_seo_html_title":"","jetpack_seo_noindex":false,"jetpack_post_was_ever_published":false,"_jetpack_newsletter_access":"","_jetpack_dont_email_post_to_subs":false,"_jetpack_newsletter_tier_id":0,"_jetpack_memberships_contains_paywalled_content":false,"_jetpack_memberships_contains_paid_content":false,"footnotes":"","jetpack_publicize_message":"","jetpack_publicize_feature_enabled":true,"jetpack_social_post_already_shared":true,"jetpack_social_options":{"image_generator_settings":{"template":"highway","default_image_id":0,"font":"","enabled":false},"version":2}},"categories":[153,1],"tags":[570,564,562,563,561,569,567,568,565,566,508,34,541,548,571],"class_list":["post-1967","post","type-post","status-publish","format-standard","has-post-thumbnail","hentry","category-blogum","category-duyuru","tag-adalet-ve-performans","tag-etik-liderlik","tag-guc-ve-mesruiyet","tag-gucun-hakliligi","tag-hakkin-gucu","tag-hesap-verebilirlik","tag-karar-alma-surecleri","tag-kurumsal-itibar","tag-kurumsal-yonetim","tag-liderlik-felsefesi","tag-orgutsel-adalet","tag-stratejik-yonetim","tag-surdurulebilir-performans","tag-yonetim-bilimi","tag-yonetisim"],"jetpack_publicize_connections":[],"jetpack_featured_media_url":"https:\/\/i0.wp.com\/www.gultekinaltuntas.com\/wp-content\/uploads\/2026\/03\/image-4.png?fit=1024%2C768&ssl=1","jetpack_sharing_enabled":true,"jetpack_shortlink":"https:\/\/wp.me\/p5nO7q-vJ","jetpack-related-posts":[],"amp_enabled":true,"_links":{"self":[{"href":"https:\/\/www.gultekinaltuntas.com\/index.php?rest_route=\/wp\/v2\/posts\/1967","targetHints":{"allow":["GET"]}}],"collection":[{"href":"https:\/\/www.gultekinaltuntas.com\/index.php?rest_route=\/wp\/v2\/posts"}],"about":[{"href":"https:\/\/www.gultekinaltuntas.com\/index.php?rest_route=\/wp\/v2\/types\/post"}],"author":[{"embeddable":true,"href":"https:\/\/www.gultekinaltuntas.com\/index.php?rest_route=\/wp\/v2\/users\/1"}],"replies":[{"embeddable":true,"href":"https:\/\/www.gultekinaltuntas.com\/index.php?rest_route=%2Fwp%2Fv2%2Fcomments&post=1967"}],"version-history":[{"count":11,"href":"https:\/\/www.gultekinaltuntas.com\/index.php?rest_route=\/wp\/v2\/posts\/1967\/revisions"}],"predecessor-version":[{"id":2413,"href":"https:\/\/www.gultekinaltuntas.com\/index.php?rest_route=\/wp\/v2\/posts\/1967\/revisions\/2413"}],"wp:featuredmedia":[{"embeddable":true,"href":"https:\/\/www.gultekinaltuntas.com\/index.php?rest_route=\/wp\/v2\/media\/2175"}],"wp:attachment":[{"href":"https:\/\/www.gultekinaltuntas.com\/index.php?rest_route=%2Fwp%2Fv2%2Fmedia&parent=1967"}],"wp:term":[{"taxonomy":"category","embeddable":true,"href":"https:\/\/www.gultekinaltuntas.com\/index.php?rest_route=%2Fwp%2Fv2%2Fcategories&post=1967"},{"taxonomy":"post_tag","embeddable":true,"href":"https:\/\/www.gultekinaltuntas.com\/index.php?rest_route=%2Fwp%2Fv2%2Ftags&post=1967"}],"curies":[{"name":"wp","href":"https:\/\/api.w.org\/{rel}","templated":true}]}}